{"id":260,"date":"2018-06-09T21:11:47","date_gmt":"2018-06-09T19:11:47","guid":{"rendered":"http:\/\/ursustv.pl\/?p=260"},"modified":"2018-06-12T21:29:08","modified_gmt":"2018-06-12T19:29:08","slug":"konferencja-prasowa-metro-ursusie","status":"publish","type":"post","link":"https:\/\/ursustv.pl\/index.php\/2018\/06\/09\/konferencja-prasowa-metro-ursusie\/","title":{"rendered":"Konferencja prasowa Metro w Ursusie"},"content":{"rendered":"<p>Zapraszamy na konferencj\u0119 prasow\u0105 dotycz\u0105c\u0105 rozpocz\u0119cia stara\u0144 o przed\u0142u\u017cenie drugiej linii metra do Ursusa z udzia\u0142em marsza\u0142ek Ma\u0142gorzaty Kidawy-B\u0142o\u0144skiej oraz pos\u0142\u00f3w Andrzeja Halickiego i Marcina Kierwi\u0144skiego.<\/p>\n<p>Konferencja odb\u0119dzie si\u0119 11 czerwca (poniedzia\u0142ek) o godzinie 12.00 przy Domu Kultury \u201eMi\u015b\u201d (ul. Traktorzyst\u00f3w 20, Ursus).<\/p>\n<p>Obecny projekt drugiej linii metra zak\u0142ada, i\u017c ma si\u0119 ona ko\u0144czy\u0107 przy granicy dzielnicy Ursus. Nasz pomys\u0142 polega na przed\u0142u\u017ceniu linii do stacji PKP Ursus. Zdajemy sobie spraw\u0119, i\u017c b\u0119dzie to d\u0142ugi proces, wymagaj\u0105cy zmian obecnych za\u0142o\u017ce\u0144. Chcieliby\u015bmy, aby po zako\u0144czeniu budowy metra do stacji Mory, linia zosta\u0142a przed\u0142u\u017cona do Ursusa.<\/p>\n<p>Wi\u0119cej<\/p>\n<p>https:\/\/www.facebook.com\/events\/412989699217035\/<\/p>\n","protected":false},"excerpt":{"rendered":"<p>Zapraszamy na konferencj\u0119 prasow\u0105 dotycz\u0105c\u0105 rozpocz\u0119cia stara\u0144 o przed\u0142u\u017cenie drugiej linii metra do Ursusa z udzia\u0142em marsza\u0142ek Ma\u0142gorzaty Kidawy-B\u0142o\u0144skiej oraz pos\u0142\u00f3w Andrzeja Halickiego i Marcina Kierwi\u0144skiego. Konferencja odb\u0119dzie si\u0119 11 czerwca (poniedzia\u0142ek) o godzinie 12.00 przy Domu Kultury \u201eMi\u015b\u201d (ul. Traktorzyst\u00f3w 20, Ursus). Obecny projekt drugiej linii metra zak\u0142ada, i\u017c ma si\u0119 ona ko\u0144czy\u0107 przy [&hellip;]<\/p>\n","protected":false},"author":1,"featured_media":261,"comment_status":"open","ping_status":"open","sticky":false,"template":"","format":"standard","meta":{"_et_pb_use_builder":"","_et_pb_old_content":"","_et_gb_content_width":"","_exactmetrics_skip_tracking":false,"_exactmetrics_sitenote_active":false,"_exactmetrics_sitenote_note":"","_exactmetrics_sitenote_category":0,"footnotes":""},"categories":[1],"tags":[],"class_list":["post-260","post","type-post","status-publish","format-standard","has-post-thumbnail","hentry","category-ursustv-news"],"yoast_head":"<!-- This site is optimized with the Yoast SEO plugin v24.2 - https:\/\/yoast.com\/wordpress\/plugins\/seo\/ -->\n<title>Konferencja prasowa Metro w Ursusie - UrsusTV<\/title>\n<meta name=\"robots\" content=\"index, follow, max-snippet:-1, max-image-preview:large, max-video-preview:-1\" \/>\n<link rel=\"canonical\" href=\"https:\/\/ursustv.pl\/index.php\/2018\/06\/09\/konferencja-prasowa-metro-ursusie\/\" \/>\n<meta property=\"og:locale\" content=\"pl_PL\" \/>\n<meta property=\"og:type\" content=\"article\" \/>\n<meta property=\"og:title\" content=\"Konferencja prasowa Metro w Ursusie - UrsusTV\" \/>\n<meta property=\"og:description\" content=\"Zapraszamy na konferencj\u0119 prasow\u0105 dotycz\u0105c\u0105 rozpocz\u0119cia stara\u0144 o przed\u0142u\u017cenie drugiej linii metra do Ursusa z udzia\u0142em marsza\u0142ek Ma\u0142gorzaty Kidawy-B\u0142o\u0144skiej oraz pos\u0142\u00f3w Andrzeja Halickiego i Marcina Kierwi\u0144skiego. Konferencja odb\u0119dzie si\u0119 11 czerwca (poniedzia\u0142ek) o godzinie 12.00 przy Domu Kultury \u201eMi\u015b\u201d (ul. Traktorzyst\u00f3w 20, Ursus). Obecny projekt drugiej linii metra zak\u0142ada, i\u017c ma si\u0119 ona ko\u0144czy\u0107 przy [&hellip;]\" \/>\n<meta property=\"og:url\" content=\"https:\/\/ursustv.pl\/index.php\/2018\/06\/09\/konferencja-prasowa-metro-ursusie\/\" \/>\n<meta property=\"og:site_name\" content=\"UrsusTV\" \/>\n<meta property=\"article:publisher\" content=\"https:\/\/www.facebook.com\/Ursustvpl\/\" \/>\n<meta property=\"article:published_time\" content=\"2018-06-09T19:11:47+00:00\" \/>\n<meta property=\"article:modified_time\" content=\"2018-06-12T19:29:08+00:00\" \/>\n<meta property=\"og:image\" content=\"https:\/\/ursustv.pl\/wp-content\/uploads\/2018\/06\/34471408_144421809750990_2294708598556590080_o.jpg\" \/>\n\t<meta property=\"og:image:width\" content=\"1600\" \/>\n\t<meta property=\"og:image:height\" content=\"1027\" \/>\n\t<meta property=\"og:image:type\" content=\"image\/jpeg\" \/>\n<meta name=\"author\" content=\"Artur\" \/>\n<meta name=\"twitter:card\" content=\"summary_large_image\" \/>\n<meta name=\"twitter:creator\" content=\"@UrsusTVpl\" \/>\n<meta name=\"twitter:site\" content=\"@UrsusTVpl\" \/>\n<meta name=\"twitter:label1\" content=\"Napisane przez\" \/>\n\t<meta name=\"twitter:data1\" content=\"Artur\" \/>\n\t<meta name=\"twitter:label2\" content=\"Szacowany czas czytania\" \/>\n\t<meta name=\"twitter:data2\" content=\"1 minuta\" \/>\n<script type=\"application\/ld+json\" class=\"yoast-schema-graph\">{\"@context\":\"https:\/\/schema.org\",\"@graph\":[{\"@type\":\"Article\",\"@id\":\"https:\/\/ursustv.pl\/index.php\/2018\/06\/09\/konferencja-prasowa-metro-ursusie\/#article\",\"isPartOf\":{\"@id\":\"https:\/\/ursustv.pl\/index.php\/2018\/06\/09\/konferencja-prasowa-metro-ursusie\/\"},\"author\":{\"name\":\"Artur\",\"@id\":\"https:\/\/ursustv.pl\/#\/schema\/person\/919d59080a3677f3fd768e9440d53270\"},\"headline\":\"Konferencja prasowa Metro w Ursusie\",\"datePublished\":\"2018-06-09T19:11:47+00:00\",\"dateModified\":\"2018-06-12T19:29:08+00:00\",\"mainEntityOfPage\":{\"@id\":\"https:\/\/ursustv.pl\/index.php\/2018\/06\/09\/konferencja-prasowa-metro-ursusie\/\"},\"wordCount\":131,\"commentCount\":0,\"publisher\":{\"@id\":\"https:\/\/ursustv.pl\/#organization\"},\"image\":{\"@id\":\"https:\/\/ursustv.pl\/index.php\/2018\/06\/09\/konferencja-prasowa-metro-ursusie\/#primaryimage\"},\"thumbnailUrl\":\"https:\/\/ursustv.pl\/wp-content\/uploads\/2018\/06\/34471408_144421809750990_2294708598556590080_o.jpg\",\"articleSection\":[\"UrsusTV NEWS\"],\"inLanguage\":\"pl-PL\"},{\"@type\":\"WebPage\",\"@id\":\"https:\/\/ursustv.pl\/index.php\/2018\/06\/09\/konferencja-prasowa-metro-ursusie\/\",\"url\":\"https:\/\/ursustv.pl\/index.php\/2018\/06\/09\/konferencja-prasowa-metro-ursusie\/\",\"name\":\"Konferencja prasowa Metro w Ursusie - UrsusTV\",\"isPartOf\":{\"@id\":\"https:\/\/ursustv.pl\/#website\"},\"primaryImageOfPage\":{\"@id\":\"https:\/\/ursustv.pl\/index.php\/2018\/06\/09\/konferencja-prasowa-metro-ursusie\/#primaryimage\"},\"image\":{\"@id\":\"https:\/\/ursustv.pl\/index.php\/2018\/06\/09\/konferencja-prasowa-metro-ursusie\/#primaryimage\"},\"thumbnailUrl\":\"https:\/\/ursustv.pl\/wp-content\/uploads\/2018\/06\/34471408_144421809750990_2294708598556590080_o.jpg\",\"datePublished\":\"2018-06-09T19:11:47+00:00\",\"dateModified\":\"2018-06-12T19:29:08+00:00\",\"breadcrumb\":{\"@id\":\"https:\/\/ursustv.pl\/index.php\/2018\/06\/09\/konferencja-prasowa-metro-ursusie\/#breadcrumb\"},\"inLanguage\":\"pl-PL\",\"potentialAction\":[{\"@type\":\"ReadAction\",\"target\":[\"https:\/\/ursustv.pl\/index.php\/2018\/06\/09\/konferencja-prasowa-metro-ursusie\/\"]}]},{\"@type\":\"ImageObject\",\"inLanguage\":\"pl-PL\",\"@id\":\"https:\/\/ursustv.pl\/index.php\/2018\/06\/09\/konferencja-prasowa-metro-ursusie\/#primaryimage\",\"url\":\"https:\/\/ursustv.pl\/wp-content\/uploads\/2018\/06\/34471408_144421809750990_2294708598556590080_o.jpg\",\"contentUrl\":\"https:\/\/ursustv.pl\/wp-content\/uploads\/2018\/06\/34471408_144421809750990_2294708598556590080_o.jpg\",\"width\":1600,\"height\":1027},{\"@type\":\"BreadcrumbList\",\"@id\":\"https:\/\/ursustv.pl\/index.php\/2018\/06\/09\/konferencja-prasowa-metro-ursusie\/#breadcrumb\",\"itemListElement\":[{\"@type\":\"ListItem\",\"position\":1,\"name\":\"Strona g\u0142\u00f3wna\",\"item\":\"https:\/\/ursustv.pl\/\"},{\"@type\":\"ListItem\",\"position\":2,\"name\":\"Konferencja prasowa Metro w Ursusie\"}]},{\"@type\":\"WebSite\",\"@id\":\"https:\/\/ursustv.pl\/#website\",\"url\":\"https:\/\/ursustv.pl\/\",\"name\":\"UrsusTV\",\"description\":\"Tylko w UrsusTV najwa\u017cniejsze informacje z \u017cycia Dzielnicy.\",\"publisher\":{\"@id\":\"https:\/\/ursustv.pl\/#organization\"},\"potentialAction\":[{\"@type\":\"SearchAction\",\"target\":{\"@type\":\"EntryPoint\",\"urlTemplate\":\"https:\/\/ursustv.pl\/?s={search_term_string}\"},\"query-input\":{\"@type\":\"PropertyValueSpecification\",\"valueRequired\":true,\"valueName\":\"search_term_string\"}}],\"inLanguage\":\"pl-PL\"},{\"@type\":\"Organization\",\"@id\":\"https:\/\/ursustv.pl\/#organization\",\"name\":\"UrsusTV.pl\",\"url\":\"https:\/\/ursustv.pl\/\",\"logo\":{\"@type\":\"ImageObject\",\"inLanguage\":\"pl-PL\",\"@id\":\"https:\/\/ursustv.pl\/#\/schema\/logo\/image\/\",\"url\":\"https:\/\/ursustv.pl\/wp-content\/uploads\/2017\/11\/ursus-tv-1.png\",\"contentUrl\":\"https:\/\/ursustv.pl\/wp-content\/uploads\/2017\/11\/ursus-tv-1.png\",\"width\":300,\"height\":142,\"caption\":\"UrsusTV.pl\"},\"image\":{\"@id\":\"https:\/\/ursustv.pl\/#\/schema\/logo\/image\/\"},\"sameAs\":[\"https:\/\/www.facebook.com\/Ursustvpl\/\",\"https:\/\/x.com\/UrsusTVpl\"]},{\"@type\":\"Person\",\"@id\":\"https:\/\/ursustv.pl\/#\/schema\/person\/919d59080a3677f3fd768e9440d53270\",\"name\":\"Artur\",\"image\":{\"@type\":\"ImageObject\",\"inLanguage\":\"pl-PL\",\"@id\":\"https:\/\/ursustv.pl\/#\/schema\/person\/image\/\",\"url\":\"https:\/\/secure.gravatar.com\/avatar\/5ea72c3afd740cdb55f795111296bbf9?s=96&d=mm&r=g\",\"contentUrl\":\"https:\/\/secure.gravatar.com\/avatar\/5ea72c3afd740cdb55f795111296bbf9?s=96&d=mm&r=g\",\"caption\":\"Artur\"}}]}<\/script>\n<!-- \/ Yoast SEO plugin. -->","yoast_head_json":{"title":"Konferencja prasowa Metro w Ursusie - UrsusTV","robots":{"index":"index","follow":"follow","max-snippet":"max-snippet:-1","max-image-preview":"max-image-preview:large","max-video-preview":"max-video-preview:-1"},"canonical":"https:\/\/ursustv.pl\/index.php\/2018\/06\/09\/konferencja-prasowa-metro-ursusie\/","og_locale":"pl_PL","og_type":"article","og_title":"Konferencja prasowa Metro w Ursusie - UrsusTV","og_description":"Zapraszamy na konferencj\u0119 prasow\u0105 dotycz\u0105c\u0105 rozpocz\u0119cia stara\u0144 o przed\u0142u\u017cenie drugiej linii metra do Ursusa z udzia\u0142em marsza\u0142ek Ma\u0142gorzaty Kidawy-B\u0142o\u0144skiej oraz pos\u0142\u00f3w Andrzeja Halickiego i Marcina Kierwi\u0144skiego. Konferencja odb\u0119dzie si\u0119 11 czerwca (poniedzia\u0142ek) o godzinie 12.00 przy Domu Kultury \u201eMi\u015b\u201d (ul. Traktorzyst\u00f3w 20, Ursus). Obecny projekt drugiej linii metra zak\u0142ada, i\u017c ma si\u0119 ona ko\u0144czy\u0107 przy [&hellip;]","og_url":"https:\/\/ursustv.pl\/index.php\/2018\/06\/09\/konferencja-prasowa-metro-ursusie\/","og_site_name":"UrsusTV","article_publisher":"https:\/\/www.facebook.com\/Ursustvpl\/","article_published_time":"2018-06-09T19:11:47+00:00","article_modified_time":"2018-06-12T19:29:08+00:00","og_image":[{"width":1600,"height":1027,"url":"https:\/\/ursustv.pl\/wp-content\/uploads\/2018\/06\/34471408_144421809750990_2294708598556590080_o.jpg","type":"image\/jpeg"}],"author":"Artur","twitter_card":"summary_large_image","twitter_creator":"@UrsusTVpl","twitter_site":"@UrsusTVpl","twitter_misc":{"Napisane przez":"Artur","Szacowany czas czytania":"1 minuta"},"schema":{"@context":"https:\/\/schema.org","@graph":[{"@type":"Article","@id":"https:\/\/ursustv.pl\/index.php\/2018\/06\/09\/konferencja-prasowa-metro-ursusie\/#article","isPartOf":{"@id":"https:\/\/ursustv.pl\/index.php\/2018\/06\/09\/konferencja-prasowa-metro-ursusie\/"},"author":{"name":"Artur","@id":"https:\/\/ursustv.pl\/#\/schema\/person\/919d59080a3677f3fd768e9440d53270"},"headline":"Konferencja prasowa Metro w Ursusie","datePublished":"2018-06-09T19:11:47+00:00","dateModified":"2018-06-12T19:29:08+00:00","mainEntityOfPage":{"@id":"https:\/\/ursustv.pl\/index.php\/2018\/06\/09\/konferencja-prasowa-metro-ursusie\/"},"wordCount":131,"commentCount":0,"publisher":{"@id":"https:\/\/ursustv.pl\/#organization"},"image":{"@id":"https:\/\/ursustv.pl\/index.php\/2018\/06\/09\/konferencja-prasowa-metro-ursusie\/#primaryimage"},"thumbnailUrl":"https:\/\/ursustv.pl\/wp-content\/uploads\/2018\/06\/34471408_144421809750990_2294708598556590080_o.jpg","articleSection":["UrsusTV NEWS"],"inLanguage":"pl-PL"},{"@type":"WebPage","@id":"https:\/\/ursustv.pl\/index.php\/2018\/06\/09\/konferencja-prasowa-metro-ursusie\/","url":"https:\/\/ursustv.pl\/index.php\/2018\/06\/09\/konferencja-prasowa-metro-ursusie\/","name":"Konferencja prasowa Metro w Ursusie - UrsusTV","isPartOf":{"@id":"https:\/\/ursustv.pl\/#website"},"primaryImageOfPage":{"@id":"https:\/\/ursustv.pl\/index.php\/2018\/06\/09\/konferencja-prasowa-metro-ursusie\/#primaryimage"},"image":{"@id":"https:\/\/ursustv.pl\/index.php\/2018\/06\/09\/konferencja-prasowa-metro-ursusie\/#primaryimage"},"thumbnailUrl":"https:\/\/ursustv.pl\/wp-content\/uploads\/2018\/06\/34471408_144421809750990_2294708598556590080_o.jpg","datePublished":"2018-06-09T19:11:47+00:00","dateModified":"2018-06-12T19:29:08+00:00","breadcrumb":{"@id":"https:\/\/ursustv.pl\/index.php\/2018\/06\/09\/konferencja-prasowa-metro-ursusie\/#breadcrumb"},"inLanguage":"pl-PL","potentialAction":[{"@type":"ReadAction","target":["https:\/\/ursustv.pl\/index.php\/2018\/06\/09\/konferencja-prasowa-metro-ursusie\/"]}]},{"@type":"ImageObject","inLanguage":"pl-PL","@id":"https:\/\/ursustv.pl\/index.php\/2018\/06\/09\/konferencja-prasowa-metro-ursusie\/#primaryimage","url":"https:\/\/ursustv.pl\/wp-content\/uploads\/2018\/06\/34471408_144421809750990_2294708598556590080_o.jpg","contentUrl":"https:\/\/ursustv.pl\/wp-content\/uploads\/2018\/06\/34471408_144421809750990_2294708598556590080_o.jpg","width":1600,"height":1027},{"@type":"BreadcrumbList","@id":"https:\/\/ursustv.pl\/index.php\/2018\/06\/09\/konferencja-prasowa-metro-ursusie\/#breadcrumb","itemListElement":[{"@type":"ListItem","position":1,"name":"Strona g\u0142\u00f3wna","item":"https:\/\/ursustv.pl\/"},{"@type":"ListItem","position":2,"name":"Konferencja prasowa Metro w Ursusie"}]},{"@type":"WebSite","@id":"https:\/\/ursustv.pl\/#website","url":"https:\/\/ursustv.pl\/","name":"UrsusTV","description":"Tylko w UrsusTV najwa\u017cniejsze informacje z \u017cycia Dzielnicy.","publisher":{"@id":"https:\/\/ursustv.pl\/#organization"},"potentialAction":[{"@type":"SearchAction","target":{"@type":"EntryPoint","urlTemplate":"https:\/\/ursustv.pl\/?s={search_term_string}"},"query-input":{"@type":"PropertyValueSpecification","valueRequired":true,"valueName":"search_term_string"}}],"inLanguage":"pl-PL"},{"@type":"Organization","@id":"https:\/\/ursustv.pl\/#organization","name":"UrsusTV.pl","url":"https:\/\/ursustv.pl\/","logo":{"@type":"ImageObject","inLanguage":"pl-PL","@id":"https:\/\/ursustv.pl\/#\/schema\/logo\/image\/","url":"https:\/\/ursustv.pl\/wp-content\/uploads\/2017\/11\/ursus-tv-1.png","contentUrl":"https:\/\/ursustv.pl\/wp-content\/uploads\/2017\/11\/ursus-tv-1.png","width":300,"height":142,"caption":"UrsusTV.pl"},"image":{"@id":"https:\/\/ursustv.pl\/#\/schema\/logo\/image\/"},"sameAs":["https:\/\/www.facebook.com\/Ursustvpl\/","https:\/\/x.com\/UrsusTVpl"]},{"@type":"Person","@id":"https:\/\/ursustv.pl\/#\/schema\/person\/919d59080a3677f3fd768e9440d53270","name":"Artur","image":{"@type":"ImageObject","inLanguage":"pl-PL","@id":"https:\/\/ursustv.pl\/#\/schema\/person\/image\/","url":"https:\/\/secure.gravatar.com\/avatar\/5ea72c3afd740cdb55f795111296bbf9?s=96&d=mm&r=g","contentUrl":"https:\/\/secure.gravatar.com\/avatar\/5ea72c3afd740cdb55f795111296bbf9?s=96&d=mm&r=g","caption":"Artur"}}]}},"_links":{"self":[{"href":"https:\/\/ursustv.pl\/index.php\/wp-json\/wp\/v2\/posts\/260","targetHints":{"allow":["GET"]}}],"collection":[{"href":"https:\/\/ursustv.pl\/index.php\/wp-json\/wp\/v2\/posts"}],"about":[{"href":"https:\/\/ursustv.pl\/index.php\/wp-json\/wp\/v2\/types\/post"}],"author":[{"embeddable":true,"href":"https:\/\/ursustv.pl\/index.php\/wp-json\/wp\/v2\/users\/1"}],"replies":[{"embeddable":true,"href":"https:\/\/ursustv.pl\/index.php\/wp-json\/wp\/v2\/comments?post=260"}],"version-history":[{"count":0,"href":"https:\/\/ursustv.pl\/index.php\/wp-json\/wp\/v2\/posts\/260\/revisions"}],"wp:featuredmedia":[{"embeddable":true,"href":"https:\/\/ursustv.pl\/index.php\/wp-json\/wp\/v2\/media\/261"}],"wp:attachment":[{"href":"https:\/\/ursustv.pl\/index.php\/wp-json\/wp\/v2\/media?parent=260"}],"wp:term":[{"taxonomy":"category","embeddable":true,"href":"https:\/\/ursustv.pl\/index.php\/wp-json\/wp\/v2\/categories?post=260"},{"taxonomy":"post_tag","embeddable":true,"href":"https:\/\/ursustv.pl\/index.php\/wp-json\/wp\/v2\/tags?post=260"}],"curies":[{"name":"wp","href":"https:\/\/api.w.org\/{rel}","templated":true}]}}