{"id":332,"date":"2019-03-19T00:31:50","date_gmt":"2019-03-18T23:31:50","guid":{"rendered":"http:\/\/ursustv.pl\/?p=332"},"modified":"2019-03-19T00:32:56","modified_gmt":"2019-03-18T23:32:56","slug":"grupa-mieszkancow-ursusa-na-fb","status":"publish","type":"post","link":"https:\/\/ursustv.pl\/index.php\/2019\/03\/19\/grupa-mieszkancow-ursusa-na-fb\/","title":{"rendered":"Grupa Mieszka\u0144c\u00f3w Ursusa na FB"},"content":{"rendered":"<p>[et_pb_section fb_built=&#8221;1&#8243; admin_label=&#8221;section&#8221; _builder_version=&#8221;3.0.47&#8243;][et_pb_row admin_label=&#8221;row&#8221; _builder_version=&#8221;3.0.47&#8243; background_size=&#8221;initial&#8221; background_position=&#8221;top_left&#8221; background_repeat=&#8221;repeat&#8221;][et_pb_column type=&#8221;4_4&#8243; _builder_version=&#8221;3.0.47&#8243; parallax=&#8221;off&#8221; parallax_method=&#8221;on&#8221;][et_pb_text admin_label=&#8221;Text&#8221; _builder_version=&#8221;3.0.47&#8243; background_size=&#8221;initial&#8221; background_position=&#8221;top_left&#8221; background_repeat=&#8221;repeat&#8221;]<\/p>\n<p>Zapraszamy Mieszka\u0144c\u00f3w jak r\u00f3wnie\u017c Go\u015bci gminy Ursus do do\u0142\u0105czenia do naszej grupy na facebook\u2019u<\/p>\n<p><a href=\"https:\/\/www.facebook.com\/groups\/mieszkancydzielnicyursus\/\">https:\/\/www.facebook.com\/groups\/mieszkancydzielnicyursus\/<\/a><\/p>\n<p>Wszystkich serdecznie zach\u0119cam do do\u0142\u0105czenia do tej grupy. Tam z pewno\u015bci\u0105 pojawi\u0105 si\u0119 posty, kt\u00f3re nie zawsze uka\u017c\u0105 si\u0119 na \u0142amach UrsusTV.<br \/> Wielu mieszka\u0144c\u00f3w tak\u017ce prowadzi ciekawe dyskusje na r\u00f3\u017cne tematy. Warto to zobaczy\u0107 \ud83d\ude09<\/p>\n<p>[\/et_pb_text][\/et_pb_column][\/et_pb_row][\/et_pb_section]<\/p>\n","protected":false},"excerpt":{"rendered":"<p>Zapraszamy Mieszka\u0144c\u00f3w jak r\u00f3wnie\u017c Go\u015bci gminy Ursus do do\u0142\u0105czenia do naszej grupy na facebook\u2019u https:\/\/www.facebook.com\/groups\/mieszkancydzielnicyursus\/ Wszystkich serdecznie zach\u0119cam do do\u0142\u0105czenia do tej grupy. Tam z pewno\u015bci\u0105 pojawi\u0105 si\u0119 posty, kt\u00f3re nie zawsze uka\u017c\u0105 si\u0119 na \u0142amach UrsusTV. Wielu mieszka\u0144c\u00f3w tak\u017ce prowadzi ciekawe dyskusje na r\u00f3\u017cne tematy. Warto to zobaczy\u0107 \ud83d\ude09<\/p>\n","protected":false},"author":1,"featured_media":334,"comment_status":"open","ping_status":"open","sticky":false,"template":"","format":"standard","meta":{"_et_pb_use_builder":"on","_et_pb_old_content":"Zapraszamy Mieszka\u0144c\u00f3w jak r\u00f3wnie\u017c Go\u015bci gminy Ursus do do\u0142\u0105czenia do naszej grupy na facebook\u2019u\r\n\r\nhttps:\/\/www.facebook.com\/groups\/mieszkancydzielnicyursus\/\r\n\r\nWszystkich serdecznie zach\u0119cam do do\u0142\u0105czenia do tej grupy. Tam z pewno\u015bci\u0105 pojawi\u0105 si\u0119 posty, kt\u00f3re nie zawsze uka\u017c\u0105 si\u0119 na \u0142amach UrsusTV.\r\nWielu mieszka\u0144c\u00f3w tak\u017ce prowadzi ciekawe dyskusje na r\u00f3\u017cne tematy. Warto to zobaczy\u0107 ;)","_et_gb_content_width":"","_exactmetrics_skip_tracking":false,"_exactmetrics_sitenote_active":false,"_exactmetrics_sitenote_note":"","_exactmetrics_sitenote_category":0,"footnotes":""},"categories":[1],"tags":[7,8,9],"class_list":["post-332","post","type-post","status-publish","format-standard","has-post-thumbnail","hentry","category-ursustv-news","tag-grupa","tag-mieszkancy","tag-ursustv"],"yoast_head":"<!-- This site is optimized with the Yoast SEO plugin v24.2 - https:\/\/yoast.com\/wordpress\/plugins\/seo\/ -->\n<title>Grupa Mieszka\u0144c\u00f3w Ursusa na FB - UrsusTV<\/title>\n<meta name=\"robots\" content=\"index, follow, max-snippet:-1, max-image-preview:large, max-video-preview:-1\" \/>\n<link rel=\"canonical\" href=\"https:\/\/ursustv.pl\/index.php\/2019\/03\/19\/grupa-mieszkancow-ursusa-na-fb\/\" \/>\n<meta property=\"og:locale\" content=\"pl_PL\" \/>\n<meta property=\"og:type\" content=\"article\" \/>\n<meta property=\"og:title\" content=\"Grupa Mieszka\u0144c\u00f3w Ursusa na FB - UrsusTV\" \/>\n<meta property=\"og:description\" content=\"Zapraszamy Mieszka\u0144c\u00f3w jak r\u00f3wnie\u017c Go\u015bci gminy Ursus do do\u0142\u0105czenia do naszej grupy na facebook\u2019u https:\/\/www.facebook.com\/groups\/mieszkancydzielnicyursus\/ Wszystkich serdecznie zach\u0119cam do do\u0142\u0105czenia do tej grupy. Tam z pewno\u015bci\u0105 pojawi\u0105 si\u0119 posty, kt\u00f3re nie zawsze uka\u017c\u0105 si\u0119 na \u0142amach UrsusTV. Wielu mieszka\u0144c\u00f3w tak\u017ce prowadzi ciekawe dyskusje na r\u00f3\u017cne tematy. Warto to zobaczy\u0107 ;)\" \/>\n<meta property=\"og:url\" content=\"https:\/\/ursustv.pl\/index.php\/2019\/03\/19\/grupa-mieszkancow-ursusa-na-fb\/\" \/>\n<meta property=\"og:site_name\" content=\"UrsusTV\" \/>\n<meta property=\"article:publisher\" content=\"https:\/\/www.facebook.com\/Ursustvpl\/\" \/>\n<meta property=\"article:published_time\" content=\"2019-03-18T23:31:50+00:00\" \/>\n<meta property=\"article:modified_time\" content=\"2019-03-18T23:32:56+00:00\" \/>\n<meta property=\"og:image\" content=\"https:\/\/ursustv.pl\/wp-content\/uploads\/2019\/03\/Przechwytywanie.png\" \/>\n\t<meta property=\"og:image:width\" content=\"931\" \/>\n\t<meta property=\"og:image:height\" content=\"926\" \/>\n\t<meta property=\"og:image:type\" content=\"image\/png\" \/>\n<meta name=\"author\" content=\"Artur\" \/>\n<meta name=\"twitter:card\" content=\"summary_large_image\" \/>\n<meta name=\"twitter:creator\" content=\"@UrsusTVpl\" \/>\n<meta name=\"twitter:site\" content=\"@UrsusTVpl\" \/>\n<meta name=\"twitter:label1\" content=\"Napisane przez\" \/>\n\t<meta name=\"twitter:data1\" content=\"Artur\" \/>\n\t<meta name=\"twitter:label2\" content=\"Szacowany czas czytania\" \/>\n\t<meta name=\"twitter:data2\" content=\"1 minuta\" \/>\n<script type=\"application\/ld+json\" class=\"yoast-schema-graph\">{\"@context\":\"https:\/\/schema.org\",\"@graph\":[{\"@type\":\"Article\",\"@id\":\"https:\/\/ursustv.pl\/index.php\/2019\/03\/19\/grupa-mieszkancow-ursusa-na-fb\/#article\",\"isPartOf\":{\"@id\":\"https:\/\/ursustv.pl\/index.php\/2019\/03\/19\/grupa-mieszkancow-ursusa-na-fb\/\"},\"author\":{\"name\":\"Artur\",\"@id\":\"https:\/\/ursustv.pl\/#\/schema\/person\/919d59080a3677f3fd768e9440d53270\"},\"headline\":\"Grupa Mieszka\u0144c\u00f3w Ursusa na FB\",\"datePublished\":\"2019-03-18T23:31:50+00:00\",\"dateModified\":\"2019-03-18T23:32:56+00:00\",\"mainEntityOfPage\":{\"@id\":\"https:\/\/ursustv.pl\/index.php\/2019\/03\/19\/grupa-mieszkancow-ursusa-na-fb\/\"},\"wordCount\":144,\"commentCount\":0,\"publisher\":{\"@id\":\"https:\/\/ursustv.pl\/#organization\"},\"image\":{\"@id\":\"https:\/\/ursustv.pl\/index.php\/2019\/03\/19\/grupa-mieszkancow-ursusa-na-fb\/#primaryimage\"},\"thumbnailUrl\":\"https:\/\/ursustv.pl\/wp-content\/uploads\/2019\/03\/Przechwytywanie.png\",\"keywords\":[\"Grupa\",\"Mieszka\u0144cy\",\"UrsusTV\"],\"articleSection\":[\"UrsusTV NEWS\"],\"inLanguage\":\"pl-PL\"},{\"@type\":\"WebPage\",\"@id\":\"https:\/\/ursustv.pl\/index.php\/2019\/03\/19\/grupa-mieszkancow-ursusa-na-fb\/\",\"url\":\"https:\/\/ursustv.pl\/index.php\/2019\/03\/19\/grupa-mieszkancow-ursusa-na-fb\/\",\"name\":\"Grupa Mieszka\u0144c\u00f3w Ursusa na FB - UrsusTV\",\"isPartOf\":{\"@id\":\"https:\/\/ursustv.pl\/#website\"},\"primaryImageOfPage\":{\"@id\":\"https:\/\/ursustv.pl\/index.php\/2019\/03\/19\/grupa-mieszkancow-ursusa-na-fb\/#primaryimage\"},\"image\":{\"@id\":\"https:\/\/ursustv.pl\/index.php\/2019\/03\/19\/grupa-mieszkancow-ursusa-na-fb\/#primaryimage\"},\"thumbnailUrl\":\"https:\/\/ursustv.pl\/wp-content\/uploads\/2019\/03\/Przechwytywanie.png\",\"datePublished\":\"2019-03-18T23:31:50+00:00\",\"dateModified\":\"2019-03-18T23:32:56+00:00\",\"breadcrumb\":{\"@id\":\"https:\/\/ursustv.pl\/index.php\/2019\/03\/19\/grupa-mieszkancow-ursusa-na-fb\/#breadcrumb\"},\"inLanguage\":\"pl-PL\",\"potentialAction\":[{\"@type\":\"ReadAction\",\"target\":[\"https:\/\/ursustv.pl\/index.php\/2019\/03\/19\/grupa-mieszkancow-ursusa-na-fb\/\"]}]},{\"@type\":\"ImageObject\",\"inLanguage\":\"pl-PL\",\"@id\":\"https:\/\/ursustv.pl\/index.php\/2019\/03\/19\/grupa-mieszkancow-ursusa-na-fb\/#primaryimage\",\"url\":\"https:\/\/ursustv.pl\/wp-content\/uploads\/2019\/03\/Przechwytywanie.png\",\"contentUrl\":\"https:\/\/ursustv.pl\/wp-content\/uploads\/2019\/03\/Przechwytywanie.png\",\"width\":931,\"height\":926},{\"@type\":\"BreadcrumbList\",\"@id\":\"https:\/\/ursustv.pl\/index.php\/2019\/03\/19\/grupa-mieszkancow-ursusa-na-fb\/#breadcrumb\",\"itemListElement\":[{\"@type\":\"ListItem\",\"position\":1,\"name\":\"Strona g\u0142\u00f3wna\",\"item\":\"https:\/\/ursustv.pl\/\"},{\"@type\":\"ListItem\",\"position\":2,\"name\":\"Grupa Mieszka\u0144c\u00f3w Ursusa na FB\"}]},{\"@type\":\"WebSite\",\"@id\":\"https:\/\/ursustv.pl\/#website\",\"url\":\"https:\/\/ursustv.pl\/\",\"name\":\"UrsusTV\",\"description\":\"Tylko w UrsusTV najwa\u017cniejsze informacje z \u017cycia Dzielnicy.\",\"publisher\":{\"@id\":\"https:\/\/ursustv.pl\/#organization\"},\"potentialAction\":[{\"@type\":\"SearchAction\",\"target\":{\"@type\":\"EntryPoint\",\"urlTemplate\":\"https:\/\/ursustv.pl\/?s={search_term_string}\"},\"query-input\":{\"@type\":\"PropertyValueSpecification\",\"valueRequired\":true,\"valueName\":\"search_term_string\"}}],\"inLanguage\":\"pl-PL\"},{\"@type\":\"Organization\",\"@id\":\"https:\/\/ursustv.pl\/#organization\",\"name\":\"UrsusTV.pl\",\"url\":\"https:\/\/ursustv.pl\/\",\"logo\":{\"@type\":\"ImageObject\",\"inLanguage\":\"pl-PL\",\"@id\":\"https:\/\/ursustv.pl\/#\/schema\/logo\/image\/\",\"url\":\"https:\/\/ursustv.pl\/wp-content\/uploads\/2017\/11\/ursus-tv-1.png\",\"contentUrl\":\"https:\/\/ursustv.pl\/wp-content\/uploads\/2017\/11\/ursus-tv-1.png\",\"width\":300,\"height\":142,\"caption\":\"UrsusTV.pl\"},\"image\":{\"@id\":\"https:\/\/ursustv.pl\/#\/schema\/logo\/image\/\"},\"sameAs\":[\"https:\/\/www.facebook.com\/Ursustvpl\/\",\"https:\/\/x.com\/UrsusTVpl\"]},{\"@type\":\"Person\",\"@id\":\"https:\/\/ursustv.pl\/#\/schema\/person\/919d59080a3677f3fd768e9440d53270\",\"name\":\"Artur\",\"image\":{\"@type\":\"ImageObject\",\"inLanguage\":\"pl-PL\",\"@id\":\"https:\/\/ursustv.pl\/#\/schema\/person\/image\/\",\"url\":\"https:\/\/secure.gravatar.com\/avatar\/5ea72c3afd740cdb55f795111296bbf9?s=96&d=mm&r=g\",\"contentUrl\":\"https:\/\/secure.gravatar.com\/avatar\/5ea72c3afd740cdb55f795111296bbf9?s=96&d=mm&r=g\",\"caption\":\"Artur\"}}]}<\/script>\n<!-- \/ Yoast SEO plugin. -->","yoast_head_json":{"title":"Grupa Mieszka\u0144c\u00f3w Ursusa na FB - UrsusTV","robots":{"index":"index","follow":"follow","max-snippet":"max-snippet:-1","max-image-preview":"max-image-preview:large","max-video-preview":"max-video-preview:-1"},"canonical":"https:\/\/ursustv.pl\/index.php\/2019\/03\/19\/grupa-mieszkancow-ursusa-na-fb\/","og_locale":"pl_PL","og_type":"article","og_title":"Grupa Mieszka\u0144c\u00f3w Ursusa na FB - UrsusTV","og_description":"Zapraszamy Mieszka\u0144c\u00f3w jak r\u00f3wnie\u017c Go\u015bci gminy Ursus do do\u0142\u0105czenia do naszej grupy na facebook\u2019u https:\/\/www.facebook.com\/groups\/mieszkancydzielnicyursus\/ Wszystkich serdecznie zach\u0119cam do do\u0142\u0105czenia do tej grupy. Tam z pewno\u015bci\u0105 pojawi\u0105 si\u0119 posty, kt\u00f3re nie zawsze uka\u017c\u0105 si\u0119 na \u0142amach UrsusTV. Wielu mieszka\u0144c\u00f3w tak\u017ce prowadzi ciekawe dyskusje na r\u00f3\u017cne tematy. Warto to zobaczy\u0107 ;)","og_url":"https:\/\/ursustv.pl\/index.php\/2019\/03\/19\/grupa-mieszkancow-ursusa-na-fb\/","og_site_name":"UrsusTV","article_publisher":"https:\/\/www.facebook.com\/Ursustvpl\/","article_published_time":"2019-03-18T23:31:50+00:00","article_modified_time":"2019-03-18T23:32:56+00:00","og_image":[{"width":931,"height":926,"url":"https:\/\/ursustv.pl\/wp-content\/uploads\/2019\/03\/Przechwytywanie.png","type":"image\/png"}],"author":"Artur","twitter_card":"summary_large_image","twitter_creator":"@UrsusTVpl","twitter_site":"@UrsusTVpl","twitter_misc":{"Napisane przez":"Artur","Szacowany czas czytania":"1 minuta"},"schema":{"@context":"https:\/\/schema.org","@graph":[{"@type":"Article","@id":"https:\/\/ursustv.pl\/index.php\/2019\/03\/19\/grupa-mieszkancow-ursusa-na-fb\/#article","isPartOf":{"@id":"https:\/\/ursustv.pl\/index.php\/2019\/03\/19\/grupa-mieszkancow-ursusa-na-fb\/"},"author":{"name":"Artur","@id":"https:\/\/ursustv.pl\/#\/schema\/person\/919d59080a3677f3fd768e9440d53270"},"headline":"Grupa Mieszka\u0144c\u00f3w Ursusa na FB","datePublished":"2019-03-18T23:31:50+00:00","dateModified":"2019-03-18T23:32:56+00:00","mainEntityOfPage":{"@id":"https:\/\/ursustv.pl\/index.php\/2019\/03\/19\/grupa-mieszkancow-ursusa-na-fb\/"},"wordCount":144,"commentCount":0,"publisher":{"@id":"https:\/\/ursustv.pl\/#organization"},"image":{"@id":"https:\/\/ursustv.pl\/index.php\/2019\/03\/19\/grupa-mieszkancow-ursusa-na-fb\/#primaryimage"},"thumbnailUrl":"https:\/\/ursustv.pl\/wp-content\/uploads\/2019\/03\/Przechwytywanie.png","keywords":["Grupa","Mieszka\u0144cy","UrsusTV"],"articleSection":["UrsusTV NEWS"],"inLanguage":"pl-PL"},{"@type":"WebPage","@id":"https:\/\/ursustv.pl\/index.php\/2019\/03\/19\/grupa-mieszkancow-ursusa-na-fb\/","url":"https:\/\/ursustv.pl\/index.php\/2019\/03\/19\/grupa-mieszkancow-ursusa-na-fb\/","name":"Grupa Mieszka\u0144c\u00f3w Ursusa na FB - UrsusTV","isPartOf":{"@id":"https:\/\/ursustv.pl\/#website"},"primaryImageOfPage":{"@id":"https:\/\/ursustv.pl\/index.php\/2019\/03\/19\/grupa-mieszkancow-ursusa-na-fb\/#primaryimage"},"image":{"@id":"https:\/\/ursustv.pl\/index.php\/2019\/03\/19\/grupa-mieszkancow-ursusa-na-fb\/#primaryimage"},"thumbnailUrl":"https:\/\/ursustv.pl\/wp-content\/uploads\/2019\/03\/Przechwytywanie.png","datePublished":"2019-03-18T23:31:50+00:00","dateModified":"2019-03-18T23:32:56+00:00","breadcrumb":{"@id":"https:\/\/ursustv.pl\/index.php\/2019\/03\/19\/grupa-mieszkancow-ursusa-na-fb\/#breadcrumb"},"inLanguage":"pl-PL","potentialAction":[{"@type":"ReadAction","target":["https:\/\/ursustv.pl\/index.php\/2019\/03\/19\/grupa-mieszkancow-ursusa-na-fb\/"]}]},{"@type":"ImageObject","inLanguage":"pl-PL","@id":"https:\/\/ursustv.pl\/index.php\/2019\/03\/19\/grupa-mieszkancow-ursusa-na-fb\/#primaryimage","url":"https:\/\/ursustv.pl\/wp-content\/uploads\/2019\/03\/Przechwytywanie.png","contentUrl":"https:\/\/ursustv.pl\/wp-content\/uploads\/2019\/03\/Przechwytywanie.png","width":931,"height":926},{"@type":"BreadcrumbList","@id":"https:\/\/ursustv.pl\/index.php\/2019\/03\/19\/grupa-mieszkancow-ursusa-na-fb\/#breadcrumb","itemListElement":[{"@type":"ListItem","position":1,"name":"Strona g\u0142\u00f3wna","item":"https:\/\/ursustv.pl\/"},{"@type":"ListItem","position":2,"name":"Grupa Mieszka\u0144c\u00f3w Ursusa na FB"}]},{"@type":"WebSite","@id":"https:\/\/ursustv.pl\/#website","url":"https:\/\/ursustv.pl\/","name":"UrsusTV","description":"Tylko w UrsusTV najwa\u017cniejsze informacje z \u017cycia Dzielnicy.","publisher":{"@id":"https:\/\/ursustv.pl\/#organization"},"potentialAction":[{"@type":"SearchAction","target":{"@type":"EntryPoint","urlTemplate":"https:\/\/ursustv.pl\/?s={search_term_string}"},"query-input":{"@type":"PropertyValueSpecification","valueRequired":true,"valueName":"search_term_string"}}],"inLanguage":"pl-PL"},{"@type":"Organization","@id":"https:\/\/ursustv.pl\/#organization","name":"UrsusTV.pl","url":"https:\/\/ursustv.pl\/","logo":{"@type":"ImageObject","inLanguage":"pl-PL","@id":"https:\/\/ursustv.pl\/#\/schema\/logo\/image\/","url":"https:\/\/ursustv.pl\/wp-content\/uploads\/2017\/11\/ursus-tv-1.png","contentUrl":"https:\/\/ursustv.pl\/wp-content\/uploads\/2017\/11\/ursus-tv-1.png","width":300,"height":142,"caption":"UrsusTV.pl"},"image":{"@id":"https:\/\/ursustv.pl\/#\/schema\/logo\/image\/"},"sameAs":["https:\/\/www.facebook.com\/Ursustvpl\/","https:\/\/x.com\/UrsusTVpl"]},{"@type":"Person","@id":"https:\/\/ursustv.pl\/#\/schema\/person\/919d59080a3677f3fd768e9440d53270","name":"Artur","image":{"@type":"ImageObject","inLanguage":"pl-PL","@id":"https:\/\/ursustv.pl\/#\/schema\/person\/image\/","url":"https:\/\/secure.gravatar.com\/avatar\/5ea72c3afd740cdb55f795111296bbf9?s=96&d=mm&r=g","contentUrl":"https:\/\/secure.gravatar.com\/avatar\/5ea72c3afd740cdb55f795111296bbf9?s=96&d=mm&r=g","caption":"Artur"}}]}},"_links":{"self":[{"href":"https:\/\/ursustv.pl\/index.php\/wp-json\/wp\/v2\/posts\/332","targetHints":{"allow":["GET"]}}],"collection":[{"href":"https:\/\/ursustv.pl\/index.php\/wp-json\/wp\/v2\/posts"}],"about":[{"href":"https:\/\/ursustv.pl\/index.php\/wp-json\/wp\/v2\/types\/post"}],"author":[{"embeddable":true,"href":"https:\/\/ursustv.pl\/index.php\/wp-json\/wp\/v2\/users\/1"}],"replies":[{"embeddable":true,"href":"https:\/\/ursustv.pl\/index.php\/wp-json\/wp\/v2\/comments?post=332"}],"version-history":[{"count":0,"href":"https:\/\/ursustv.pl\/index.php\/wp-json\/wp\/v2\/posts\/332\/revisions"}],"wp:featuredmedia":[{"embeddable":true,"href":"https:\/\/ursustv.pl\/index.php\/wp-json\/wp\/v2\/media\/334"}],"wp:attachment":[{"href":"https:\/\/ursustv.pl\/index.php\/wp-json\/wp\/v2\/media?parent=332"}],"wp:term":[{"taxonomy":"category","embeddable":true,"href":"https:\/\/ursustv.pl\/index.php\/wp-json\/wp\/v2\/categories?post=332"},{"taxonomy":"post_tag","embeddable":true,"href":"https:\/\/ursustv.pl\/index.php\/wp-json\/wp\/v2\/tags?post=332"}],"curies":[{"name":"wp","href":"https:\/\/api.w.org\/{rel}","templated":true}]}}